{"id":23009,"date":"2018-01-11T01:39:24","date_gmt":"2018-01-11T04:39:24","guid":{"rendered":"http:\/\/schiettifotografia.com\/calefacao\/silencio-das-tres\/"},"modified":"2018-01-11T01:47:41","modified_gmt":"2018-01-11T04:47:41","slug":"silencio-das-tres","status":"publish","type":"post","link":"https:\/\/schiettifotografia.com\/es\/calefacao\/silencio-das-tres\/","title":{"rendered":"Sil\u00eancio das Tr\u00eas <2018>"},"content":{"rendered":"<p>Visito la ciudad que me dio la luz.<\/p>\n<p>Que me ba\u00f1a en fotones calientes por la madrugada fresca;<\/p>\n<p>Que me acoge diez a\u00f1os despu\u00e9s de la primera vez que la retrat\u00e9 as\u00ed, en silencio.<\/p>\n<p>Brasilia todav\u00eda sabe dormir, todav\u00eda sabe so\u00f1ar.<\/p>\n<div id='gallery-1' class='gallery galleryid-23009 gallery-columns-3 gallery-size-full'><figure class='gallery-item c-gallery-display--img-inner-half'>\n\t\t\t\t<div class='gallery-icon landscape'>\n\t\t\t\t\t<a href='https:\/\/schiettifotografia.com\/site\/wp-content\/uploads\/2018\/01\/OA6A9488-Edit.jpg'><img width=\"580\" height=\"326\" src=\"https:\/\/schiettifotografia.com\/site\/wp-content\/uploads\/2018\/01\/OA6A9488-Edit-580x326.jpg\" class=\"attachment-img-inner-half size-img-inner-half\" alt=\"\" loading=\"lazy\" \/><\/a>\n\t\t\t\t<\/div><\/figure><figure class='gallery-item c-gallery-display--img-inner-half'>\n\t\t\t\t<div class='gallery-icon landscape'>\n\t\t\t\t\t<a href='https:\/\/schiettifotografia.com\/site\/wp-content\/uploads\/2018\/01\/OA6A9494-Edit.jpg'><img width=\"580\" height=\"326\" src=\"https:\/\/schiettifotografia.com\/site\/wp-content\/uploads\/2018\/01\/OA6A9494-Edit-580x326.jpg\" class=\"attachment-img-inner-half size-img-inner-half\" alt=\"\" loading=\"lazy\" \/><\/a>\n\t\t\t\t<\/div><\/figure><figure class='gallery-item c-gallery-display--img-inner-half'>\n\t\t\t\t<div class='gallery-icon landscape'>\n\t\t\t\t\t<a href='https:\/\/schiettifotografia.com\/site\/wp-content\/uploads\/2018\/01\/OA6A9514-Edit.jpg'><img width=\"580\" height=\"326\" src=\"https:\/\/schiettifotografia.com\/site\/wp-content\/uploads\/2018\/01\/OA6A9514-Edit-580x326.jpg\" class=\"attachment-img-inner-half size-img-inner-half\" alt=\"\" loading=\"lazy\" \/><\/a>\n\t\t\t\t<\/div><\/figure><figure class='gallery-item c-gallery-display--img-inner-half'>\n\t\t\t\t<div class='gallery-icon landscape'>\n\t\t\t\t\t<a href='https:\/\/schiettifotografia.com\/site\/wp-content\/uploads\/2018\/01\/OA6A9500-Edit.jpg'><img width=\"580\" height=\"326\" src=\"https:\/\/schiettifotografia.com\/site\/wp-content\/uploads\/2018\/01\/OA6A9500-Edit-580x326.jpg\" class=\"attachment-img-inner-half size-img-inner-half\" alt=\"\" loading=\"lazy\" \/><\/a>\n\t\t\t\t<\/div><\/figure><figure class='gallery-item c-gallery-display--img-inner-half'>\n\t\t\t\t<div class='gallery-icon landscape'>\n\t\t\t\t\t<a href='https:\/\/schiettifotografia.com\/site\/wp-content\/uploads\/2018\/01\/OA6A9524-Edit.jpg'><img width=\"580\" height=\"326\" src=\"https:\/\/schiettifotografia.com\/site\/wp-content\/uploads\/2018\/01\/OA6A9524-Edit-580x326.jpg\" class=\"attachment-img-inner-half size-img-inner-half\" alt=\"\" loading=\"lazy\" \/><\/a>\n\t\t\t\t<\/div><\/figure><figure class='gallery-item c-gallery-display--img-inner-half'>\n\t\t\t\t<div class='gallery-icon landscape'>\n\t\t\t\t\t<a href='https:\/\/schiettifotografia.com\/site\/wp-content\/uploads\/2018\/01\/OA6A9530-Edit.jpg'><img width=\"580\" height=\"326\" src=\"https:\/\/schiettifotografia.com\/site\/wp-content\/uploads\/2018\/01\/OA6A9530-Edit-580x326.jpg\" class=\"attachment-img-inner-half size-img-inner-half\" alt=\"\" loading=\"lazy\" \/><\/a>\n\t\t\t\t<\/div><\/figure>\n\t\t\t<\/div>\n\n","protected":false},"excerpt":{"rendered":"<p>Visito la ciudad que me dio la luz. Que me ba\u00f1a en fotones calientes por la madrugada fresca; Que me acoge diez a\u00f1os despu\u00e9s de la primera vez que la retrat\u00e9 as\u00ed, en silencio. Brasilia todav\u00eda sabe dormir, todav\u00eda sabe so\u00f1ar.<\/p>\n","protected":false},"author":2,"featured_media":22997,"comment_status":"closed","ping_status":"closed","sticky":false,"template":"","format":"standard","meta":[],"categories":[1954,1908,1876],"tags":[],"acf":[],"_links":{"self":[{"href":"https:\/\/schiettifotografia.com\/es\/wp-json\/wp\/v2\/posts\/23009"}],"collection":[{"href":"https:\/\/schiettifotografia.com\/es\/wp-json\/wp\/v2\/posts"}],"about":[{"href":"https:\/\/schiettifotografia.com\/es\/wp-json\/wp\/v2\/types\/post"}],"author":[{"embeddable":true,"href":"https:\/\/schiettifotografia.com\/es\/wp-json\/wp\/v2\/users\/2"}],"replies":[{"embeddable":true,"href":"https:\/\/schiettifotografia.com\/es\/wp-json\/wp\/v2\/comments?post=23009"}],"version-history":[{"count":1,"href":"https:\/\/schiettifotografia.com\/es\/wp-json\/wp\/v2\/posts\/23009\/revisions"}],"predecessor-version":[{"id":23012,"href":"https:\/\/schiettifotografia.com\/es\/wp-json\/wp\/v2\/posts\/23009\/revisions\/23012"}],"wp:featuredmedia":[{"embeddable":true,"href":"https:\/\/schiettifotografia.com\/es\/wp-json\/wp\/v2\/media\/22997"}],"wp:attachment":[{"href":"https:\/\/schiettifotografia.com\/es\/wp-json\/wp\/v2\/media?parent=23009"}],"wp:term":[{"taxonomy":"category","embeddable":true,"href":"https:\/\/schiettifotografia.com\/es\/wp-json\/wp\/v2\/categories?post=23009"},{"taxonomy":"post_tag","embeddable":true,"href":"https:\/\/schiettifotografia.com\/es\/wp-json\/wp\/v2\/tags?post=23009"}],"curies":[{"name":"wp","href":"https:\/\/api.w.org\/{rel}","templated":true}]}}