{"id":22889,"date":"2017-11-23T14:09:30","date_gmt":"2017-11-23T17:09:30","guid":{"rendered":"http:\/\/schiettifotografia.com\/calefacao\/caminhos\/"},"modified":"2017-11-23T14:23:23","modified_gmt":"2017-11-23T17:23:23","slug":"caminhos","status":"publish","type":"post","link":"https:\/\/schiettifotografia.com\/es\/calefacao\/caminhos\/","title":{"rendered":"Caminhos"},"content":{"rendered":"<p>El pensamiento determina la acci\u00f3n, que determina el local, que determina el camino.<\/p>\n<p>&#8230;<\/p>\n<p>Bajo por galer\u00edas de vidrio,<\/p>\n<p>salto por entre vagones de luz verde,<\/p>\n<p>Me golpeo contra otros cuerpos errantes, seguros de sus enga\u00f1os.<\/p>\n<p>Vuelvo a la superficie, me queda todav\u00eda una franja de sol.<\/p>\n<p>&#8230;<\/p>\n<p>Subo por tejas de cinc,<\/p>\n<p>para all\u00e1 de muros de cemento y barro,<\/p>\n<p>Veo paredes monumentales, fr\u00edas al tacto.<\/p>\n<p>Abrigan un bosque, de donde contemplo el despertar del sol.<\/p>\n<div id='gallery-1' class='gallery galleryid-22889 gallery-columns-3 gallery-size-full'><figure class='gallery-item c-gallery-display--img-inner-half'>\n\t\t\t\t<div class='gallery-icon landscape'>\n\t\t\t\t\t<a href='https:\/\/schiettifotografia.com\/site\/wp-content\/uploads\/2017\/11\/OA6A4765.jpg'><img width=\"580\" height=\"326\" src=\"https:\/\/schiettifotografia.com\/site\/wp-content\/uploads\/2017\/11\/OA6A4765-580x326.jpg\" class=\"attachment-img-inner-half size-img-inner-half\" alt=\"\" loading=\"lazy\" \/><\/a>\n\t\t\t\t<\/div><\/figure><figure class='gallery-item c-gallery-display--img-inner-half'>\n\t\t\t\t<div class='gallery-icon landscape'>\n\t\t\t\t\t<a href='https:\/\/schiettifotografia.com\/site\/wp-content\/uploads\/2017\/11\/OA6A4772.jpg'><img width=\"580\" height=\"326\" src=\"https:\/\/schiettifotografia.com\/site\/wp-content\/uploads\/2017\/11\/OA6A4772-580x326.jpg\" class=\"attachment-img-inner-half size-img-inner-half\" alt=\"\" loading=\"lazy\" \/><\/a>\n\t\t\t\t<\/div><\/figure><figure class='gallery-item c-gallery-display--img-inner-half'>\n\t\t\t\t<div class='gallery-icon landscape'>\n\t\t\t\t\t<a href='https:\/\/schiettifotografia.com\/site\/wp-content\/uploads\/2017\/11\/OA6A4769.jpg'><img width=\"580\" height=\"326\" src=\"https:\/\/schiettifotografia.com\/site\/wp-content\/uploads\/2017\/11\/OA6A4769-580x326.jpg\" class=\"attachment-img-inner-half size-img-inner-half\" alt=\"\" loading=\"lazy\" \/><\/a>\n\t\t\t\t<\/div><\/figure><figure class='gallery-item c-gallery-display--img-inner-half'>\n\t\t\t\t<div class='gallery-icon landscape'>\n\t\t\t\t\t<a href='https:\/\/schiettifotografia.com\/site\/wp-content\/uploads\/2017\/11\/OA6A4778.jpg'><img width=\"580\" height=\"326\" src=\"https:\/\/schiettifotografia.com\/site\/wp-content\/uploads\/2017\/11\/OA6A4778-580x326.jpg\" class=\"attachment-img-inner-half size-img-inner-half\" alt=\"\" loading=\"lazy\" \/><\/a>\n\t\t\t\t<\/div><\/figure><figure class='gallery-item c-gallery-display--img-inner-half'>\n\t\t\t\t<div class='gallery-icon landscape'>\n\t\t\t\t\t<a href='https:\/\/schiettifotografia.com\/site\/wp-content\/uploads\/2017\/11\/OA6A4969.jpg'><img width=\"580\" height=\"326\" src=\"https:\/\/schiettifotografia.com\/site\/wp-content\/uploads\/2017\/11\/OA6A4969-580x326.jpg\" class=\"attachment-img-inner-half size-img-inner-half\" alt=\"\" loading=\"lazy\" \/><\/a>\n\t\t\t\t<\/div><\/figure><figure class='gallery-item c-gallery-display--img-inner-half'>\n\t\t\t\t<div class='gallery-icon landscape'>\n\t\t\t\t\t<a href='https:\/\/schiettifotografia.com\/site\/wp-content\/uploads\/2017\/11\/OA6A3891.jpg'><img width=\"580\" height=\"326\" src=\"https:\/\/schiettifotografia.com\/site\/wp-content\/uploads\/2017\/11\/OA6A3891-580x326.jpg\" class=\"attachment-img-inner-half size-img-inner-half\" alt=\"\" loading=\"lazy\" \/><\/a>\n\t\t\t\t<\/div><\/figure><figure class='gallery-item c-gallery-display--img-inner-half'>\n\t\t\t\t<div class='gallery-icon landscape'>\n\t\t\t\t\t<a href='https:\/\/schiettifotografia.com\/site\/wp-content\/uploads\/2017\/11\/OA6A6335.jpg'><img width=\"580\" height=\"326\" src=\"https:\/\/schiettifotografia.com\/site\/wp-content\/uploads\/2017\/11\/OA6A6335-580x326.jpg\" class=\"attachment-img-inner-half size-img-inner-half\" alt=\"\" loading=\"lazy\" \/><\/a>\n\t\t\t\t<\/div><\/figure><figure class='gallery-item c-gallery-display--img-inner-half'>\n\t\t\t\t<div class='gallery-icon landscape'>\n\t\t\t\t\t<a href='https:\/\/schiettifotografia.com\/site\/wp-content\/uploads\/2017\/11\/OA6A6331.jpg'><img width=\"580\" height=\"326\" src=\"https:\/\/schiettifotografia.com\/site\/wp-content\/uploads\/2017\/11\/OA6A6331-580x326.jpg\" class=\"attachment-img-inner-half size-img-inner-half\" alt=\"\" loading=\"lazy\" \/><\/a>\n\t\t\t\t<\/div><\/figure><figure class='gallery-item c-gallery-display--img-inner-half'>\n\t\t\t\t<div class='gallery-icon landscape'>\n\t\t\t\t\t<a href='https:\/\/schiettifotografia.com\/site\/wp-content\/uploads\/2017\/11\/OA6A7203.jpg'><img width=\"580\" height=\"326\" src=\"https:\/\/schiettifotografia.com\/site\/wp-content\/uploads\/2017\/11\/OA6A7203-580x326.jpg\" class=\"attachment-img-inner-half size-img-inner-half\" alt=\"\" loading=\"lazy\" \/><\/a>\n\t\t\t\t<\/div><\/figure><figure class='gallery-item c-gallery-display--img-inner-half'>\n\t\t\t\t<div class='gallery-icon landscape'>\n\t\t\t\t\t<a href='https:\/\/schiettifotografia.com\/site\/wp-content\/uploads\/2017\/11\/OA6A3643.jpg'><img width=\"580\" height=\"326\" src=\"https:\/\/schiettifotografia.com\/site\/wp-content\/uploads\/2017\/11\/OA6A3643-580x326.jpg\" class=\"attachment-img-inner-half size-img-inner-half\" alt=\"\" loading=\"lazy\" aria-describedby=\"gallery-1-22878\" \/><\/a>\n\t\t\t\t<\/div>\n\t\t\t\t\t<figcaption class='wp-caption-text gallery-caption' id='gallery-1-22878'>\n\t\t\t\t\tRodellar (ESP)\n\t\t\t\t\t<\/figcaption><\/figure><figure class='gallery-item c-gallery-display--img-inner-half'>\n\t\t\t\t<div class='gallery-icon landscape'>\n\t\t\t\t\t<a href='https:\/\/schiettifotografia.com\/site\/wp-content\/uploads\/2017\/11\/IMG_0085.jpg'><img width=\"580\" height=\"326\" src=\"https:\/\/schiettifotografia.com\/site\/wp-content\/uploads\/2017\/11\/IMG_0085-580x326.jpg\" class=\"attachment-img-inner-half size-img-inner-half\" alt=\"\" loading=\"lazy\" aria-describedby=\"gallery-1-22881\" \/><\/a>\n\t\t\t\t<\/div>\n\t\t\t\t\t<figcaption class='wp-caption-text gallery-caption' id='gallery-1-22881'>\n\t\t\t\t\tSiurana (ESP)\n\t\t\t\t\t<\/figcaption><\/figure>\n\t\t\t<\/div>\n\n","protected":false},"excerpt":{"rendered":"<p>El pensamiento determina la acci\u00f3n, que determina el local, que determina el camino. &#8230; Bajo por galer\u00edas de vidrio, salto por entre vagones de luz verde, Me golpeo contra otros cuerpos errantes, seguros de sus enga\u00f1os. Vuelvo a la superficie, me queda todav\u00eda una franja de sol. &#8230; Subo por tejas de cinc, para all\u00e1 [&hellip;]<\/p>\n","protected":false},"author":2,"featured_media":22881,"comment_status":"closed","ping_status":"closed","sticky":false,"template":"","format":"standard","meta":[],"categories":[2070,1839,1876],"tags":[],"acf":[],"_links":{"self":[{"href":"https:\/\/schiettifotografia.com\/es\/wp-json\/wp\/v2\/posts\/22889"}],"collection":[{"href":"https:\/\/schiettifotografia.com\/es\/wp-json\/wp\/v2\/posts"}],"about":[{"href":"https:\/\/schiettifotografia.com\/es\/wp-json\/wp\/v2\/types\/post"}],"author":[{"embeddable":true,"href":"https:\/\/schiettifotografia.com\/es\/wp-json\/wp\/v2\/users\/2"}],"replies":[{"embeddable":true,"href":"https:\/\/schiettifotografia.com\/es\/wp-json\/wp\/v2\/comments?post=22889"}],"version-history":[{"count":2,"href":"https:\/\/schiettifotografia.com\/es\/wp-json\/wp\/v2\/posts\/22889\/revisions"}],"predecessor-version":[{"id":22891,"href":"https:\/\/schiettifotografia.com\/es\/wp-json\/wp\/v2\/posts\/22889\/revisions\/22891"}],"wp:featuredmedia":[{"embeddable":true,"href":"https:\/\/schiettifotografia.com\/es\/wp-json\/wp\/v2\/media\/22881"}],"wp:attachment":[{"href":"https:\/\/schiettifotografia.com\/es\/wp-json\/wp\/v2\/media?parent=22889"}],"wp:term":[{"taxonomy":"category","embeddable":true,"href":"https:\/\/schiettifotografia.com\/es\/wp-json\/wp\/v2\/categories?post=22889"},{"taxonomy":"post_tag","embeddable":true,"href":"https:\/\/schiettifotografia.com\/es\/wp-json\/wp\/v2\/tags?post=22889"}],"curies":[{"name":"wp","href":"https:\/\/api.w.org\/{rel}","templated":true}]}}