{"id":22448,"date":"2017-06-07T19:00:19","date_gmt":"2017-06-07T22:00:19","guid":{"rendered":"http:\/\/schiettifotografia.com\/calefacao\/delicada-heranca\/"},"modified":"2017-06-07T19:47:23","modified_gmt":"2017-06-07T22:47:23","slug":"delicada-heranca","status":"publish","type":"post","link":"https:\/\/schiettifotografia.com\/es\/calefacao\/delicada-heranca\/","title":{"rendered":"Delicada heran\u00e7a"},"content":{"rendered":"<p>Cultura que nasce de uma cultura anterior, que nasce de costumes ainda mais antigos, que renova-se em delicadas p\u00e9rolas nascidas em gera\u00e7\u00f5es mais recentes&#8230;<\/p>\n<p>Regina Palacios encarna uma bela dan\u00e7arina de Flamenco sob o Arco do Triunfo e noParc de la Ciutadella, em Barcelona. Makeup: Daniela Palacios.<\/p>\n<div id='gallery-1' class='gallery galleryid-22448 gallery-columns-3 gallery-size-full'><figure class='gallery-item c-gallery-display--img-inner-half'>\n\t\t\t\t<div class='gallery-icon portrait'>\n\t\t\t\t\t<a href='https:\/\/schiettifotografia.com\/site\/wp-content\/uploads\/2017\/06\/OA6A7786.jpg'><img width=\"580\" height=\"326\" src=\"https:\/\/schiettifotografia.com\/site\/wp-content\/uploads\/2017\/06\/OA6A7786-580x326.jpg\" class=\"attachment-img-inner-half size-img-inner-half\" alt=\"\" loading=\"lazy\" aria-describedby=\"gallery-1-22439\" \/><\/a>\n\t\t\t\t<\/div>\n\t\t\t\t\t<figcaption class='wp-caption-text gallery-caption' id='gallery-1-22439'>\n\t\t\t\t\tBarcelona. bailarina de flamenco, 2017\n\t\t\t\t\t<\/figcaption><\/figure><figure class='gallery-item c-gallery-display--img-inner-half'>\n\t\t\t\t<div class='gallery-icon portrait'>\n\t\t\t\t\t<a href='https:\/\/schiettifotografia.com\/site\/wp-content\/uploads\/2017\/06\/OA6A7763.jpg'><img width=\"580\" height=\"326\" src=\"https:\/\/schiettifotografia.com\/site\/wp-content\/uploads\/2017\/06\/OA6A7763-580x326.jpg\" class=\"attachment-img-inner-half size-img-inner-half\" alt=\"\" loading=\"lazy\" \/><\/a>\n\t\t\t\t<\/div><\/figure><figure class='gallery-item c-gallery-display--img-inner-half'>\n\t\t\t\t<div class='gallery-icon landscape'>\n\t\t\t\t\t<a href='https:\/\/schiettifotografia.com\/site\/wp-content\/uploads\/2017\/06\/OA6A7865.jpg'><img width=\"580\" height=\"326\" src=\"https:\/\/schiettifotografia.com\/site\/wp-content\/uploads\/2017\/06\/OA6A7865-580x326.jpg\" class=\"attachment-img-inner-half size-img-inner-half\" alt=\"\" loading=\"lazy\" \/><\/a>\n\t\t\t\t<\/div><\/figure><figure class='gallery-item c-gallery-display--img-inner-half'>\n\t\t\t\t<div class='gallery-icon landscape'>\n\t\t\t\t\t<a href='https:\/\/schiettifotografia.com\/site\/wp-content\/uploads\/2017\/06\/OA6A7890.jpg'><img width=\"580\" height=\"326\" src=\"https:\/\/schiettifotografia.com\/site\/wp-content\/uploads\/2017\/06\/OA6A7890-580x326.jpg\" class=\"attachment-img-inner-half size-img-inner-half\" alt=\"\" loading=\"lazy\" aria-describedby=\"gallery-1-22445\" \/><\/a>\n\t\t\t\t<\/div>\n\t\t\t\t\t<figcaption class='wp-caption-text gallery-caption' id='gallery-1-22445'>\n\t\t\t\t\tBarcelona. Bailarina de flamenco, 2017\n\t\t\t\t\t<\/figcaption><\/figure>\n\t\t\t<\/div>\n\n","protected":false},"excerpt":{"rendered":"<p>Cultura que nasce de uma cultura anterior, que nasce de costumes ainda mais antigos, que renova-se em delicadas p\u00e9rolas nascidas em gera\u00e7\u00f5es mais recentes&#8230; Regina Palacios encarna uma bela dan\u00e7arina de Flamenco sob o Arco do Triunfo e noParc de la Ciutadella, em Barcelona. Makeup: Daniela Palacios.<\/p>\n","protected":false},"author":2,"featured_media":22445,"comment_status":"closed","ping_status":"closed","sticky":false,"template":"","format":"standard","meta":[],"categories":[1875,1876],"tags":[1877,1879,1880,1881,1882,1883,1884,1885],"acf":[],"_links":{"self":[{"href":"https:\/\/schiettifotografia.com\/es\/wp-json\/wp\/v2\/posts\/22448"}],"collection":[{"href":"https:\/\/schiettifotografia.com\/es\/wp-json\/wp\/v2\/posts"}],"about":[{"href":"https:\/\/schiettifotografia.com\/es\/wp-json\/wp\/v2\/types\/post"}],"author":[{"embeddable":true,"href":"https:\/\/schiettifotografia.com\/es\/wp-json\/wp\/v2\/users\/2"}],"replies":[{"embeddable":true,"href":"https:\/\/schiettifotografia.com\/es\/wp-json\/wp\/v2\/comments?post=22448"}],"version-history":[{"count":1,"href":"https:\/\/schiettifotografia.com\/es\/wp-json\/wp\/v2\/posts\/22448\/revisions"}],"predecessor-version":[{"id":22451,"href":"https:\/\/schiettifotografia.com\/es\/wp-json\/wp\/v2\/posts\/22448\/revisions\/22451"}],"wp:featuredmedia":[{"embeddable":true,"href":"https:\/\/schiettifotografia.com\/es\/wp-json\/wp\/v2\/media\/22445"}],"wp:attachment":[{"href":"https:\/\/schiettifotografia.com\/es\/wp-json\/wp\/v2\/media?parent=22448"}],"wp:term":[{"taxonomy":"category","embeddable":true,"href":"https:\/\/schiettifotografia.com\/es\/wp-json\/wp\/v2\/categories?post=22448"},{"taxonomy":"post_tag","embeddable":true,"href":"https:\/\/schiettifotografia.com\/es\/wp-json\/wp\/v2\/tags?post=22448"}],"curies":[{"name":"wp","href":"https:\/\/api.w.org\/{rel}","templated":true}]}}