{"id":18384,"date":"2017-05-09T11:22:39","date_gmt":"2017-05-09T14:22:39","guid":{"rendered":"http:\/\/schiettifotografia.com\/calefacao\/margalef\/"},"modified":"2017-05-09T11:29:39","modified_gmt":"2017-05-09T14:29:39","slug":"margalef","status":"publish","type":"post","link":"https:\/\/schiettifotografia.com\/es\/calefacao\/margalef\/","title":{"rendered":"Margalef"},"content":{"rendered":"<p>Mi primera visita a Margalef fue en uno fin de semana bastante fr\u00edo y ventoso. Estaba junto a Vini Todero, un \u00abmonstro\u00bb, como lo dicen los escaladores. Visitamos dos sectores de ese amplio y fant\u00e1stico vale lleno de escaladores.<\/p>\n<p>Por cierto \u00e9s un lugar donde volver\u00e9, donde escalar\u00e9 m\u00e1s, fotografiar\u00e9 m\u00e1s.<\/p>\n<p>&nbsp;<\/p>\n<div id='gallery-1' class='gallery galleryid-18384 gallery-columns-3 gallery-size-full'><figure class='gallery-item c-gallery-display--img-inner-half'>\n\t\t\t\t<div class='gallery-icon landscape'>\n\t\t\t\t\t<a href='https:\/\/schiettifotografia.com\/site\/wp-content\/uploads\/2017\/05\/OA6A7288.jpg'><img width=\"580\" height=\"326\" src=\"https:\/\/schiettifotografia.com\/site\/wp-content\/uploads\/2017\/05\/OA6A7288-580x326.jpg\" class=\"attachment-img-inner-half size-img-inner-half\" alt=\"\" loading=\"lazy\" \/><\/a>\n\t\t\t\t<\/div><\/figure><figure class='gallery-item c-gallery-display--img-inner-half'>\n\t\t\t\t<div class='gallery-icon portrait'>\n\t\t\t\t\t<a href='https:\/\/schiettifotografia.com\/site\/wp-content\/uploads\/2017\/05\/OA6A7329.jpg'><img width=\"580\" height=\"326\" src=\"https:\/\/schiettifotografia.com\/site\/wp-content\/uploads\/2017\/05\/OA6A7329-580x326.jpg\" class=\"attachment-img-inner-half size-img-inner-half\" alt=\"\" loading=\"lazy\" \/><\/a>\n\t\t\t\t<\/div><\/figure><figure class='gallery-item c-gallery-display--img-inner-half'>\n\t\t\t\t<div class='gallery-icon portrait'>\n\t\t\t\t\t<a href='https:\/\/schiettifotografia.com\/site\/wp-content\/uploads\/2017\/05\/OA6A7314.jpg'><img width=\"580\" height=\"326\" src=\"https:\/\/schiettifotografia.com\/site\/wp-content\/uploads\/2017\/05\/OA6A7314-580x326.jpg\" class=\"attachment-img-inner-half size-img-inner-half\" alt=\"\" loading=\"lazy\" \/><\/a>\n\t\t\t\t<\/div><\/figure><figure class='gallery-item c-gallery-display--img-inner-half'>\n\t\t\t\t<div class='gallery-icon landscape'>\n\t\t\t\t\t<a href='https:\/\/schiettifotografia.com\/site\/wp-content\/uploads\/2017\/05\/OA6A7281.jpg'><img width=\"580\" height=\"326\" src=\"https:\/\/schiettifotografia.com\/site\/wp-content\/uploads\/2017\/05\/OA6A7281-580x326.jpg\" class=\"attachment-img-inner-half size-img-inner-half\" alt=\"\" loading=\"lazy\" \/><\/a>\n\t\t\t\t<\/div><\/figure><figure class='gallery-item c-gallery-display--img-inner-half'>\n\t\t\t\t<div class='gallery-icon landscape'>\n\t\t\t\t\t<a href='https:\/\/schiettifotografia.com\/site\/wp-content\/uploads\/2017\/05\/OA6A7252.jpg'><img width=\"580\" height=\"326\" src=\"https:\/\/schiettifotografia.com\/site\/wp-content\/uploads\/2017\/05\/OA6A7252-580x326.jpg\" class=\"attachment-img-inner-half size-img-inner-half\" alt=\"\" loading=\"lazy\" \/><\/a>\n\t\t\t\t<\/div><\/figure><figure class='gallery-item c-gallery-display--img-inner-half'>\n\t\t\t\t<div class='gallery-icon landscape'>\n\t\t\t\t\t<a href='https:\/\/schiettifotografia.com\/site\/wp-content\/uploads\/2017\/05\/OA6A7232.jpg'><img width=\"580\" height=\"326\" src=\"https:\/\/schiettifotografia.com\/site\/wp-content\/uploads\/2017\/05\/OA6A7232-580x326.jpg\" class=\"attachment-img-inner-half size-img-inner-half\" alt=\"\" loading=\"lazy\" aria-describedby=\"gallery-1-18363\" \/><\/a>\n\t\t\t\t<\/div>\n\t\t\t\t\t<figcaption class='wp-caption-text gallery-caption' id='gallery-1-18363'>\n\t\t\t\t\tMargalef (ESP)\n\t\t\t\t\t<\/figcaption><\/figure><figure class='gallery-item c-gallery-display--img-inner-half'>\n\t\t\t\t<div class='gallery-icon landscape'>\n\t\t\t\t\t<a href='https:\/\/schiettifotografia.com\/site\/wp-content\/uploads\/2017\/05\/OA6A7249.jpg'><img width=\"580\" height=\"326\" src=\"https:\/\/schiettifotografia.com\/site\/wp-content\/uploads\/2017\/05\/OA6A7249-580x326.jpg\" class=\"attachment-img-inner-half size-img-inner-half\" alt=\"\" loading=\"lazy\" \/><\/a>\n\t\t\t\t<\/div><\/figure><figure class='gallery-item c-gallery-display--img-inner-half'>\n\t\t\t\t<div class='gallery-icon landscape'>\n\t\t\t\t\t<a href='https:\/\/schiettifotografia.com\/site\/wp-content\/uploads\/2017\/05\/OA6A7226.jpg'><img width=\"580\" height=\"326\" src=\"https:\/\/schiettifotografia.com\/site\/wp-content\/uploads\/2017\/05\/OA6A7226-580x326.jpg\" class=\"attachment-img-inner-half size-img-inner-half\" alt=\"\" loading=\"lazy\" \/><\/a>\n\t\t\t\t<\/div><\/figure><figure class='gallery-item c-gallery-display--img-inner-half'>\n\t\t\t\t<div class='gallery-icon landscape'>\n\t\t\t\t\t<a href='https:\/\/schiettifotografia.com\/site\/wp-content\/uploads\/2017\/05\/OA6A7216.jpg'><img width=\"580\" height=\"326\" src=\"https:\/\/schiettifotografia.com\/site\/wp-content\/uploads\/2017\/05\/OA6A7216-580x326.jpg\" class=\"attachment-img-inner-half size-img-inner-half\" alt=\"\" loading=\"lazy\" \/><\/a>\n\t\t\t\t<\/div><\/figure>\n\t\t\t<\/div>\n\n","protected":false},"excerpt":{"rendered":"<p>Mi primera visita a Margalef fue en uno fin de semana bastante fr\u00edo y ventoso. Estaba junto a Vini Todero, un \u00abmonstro\u00bb, como lo dicen los escaladores. Visitamos dos sectores de ese amplio y fant\u00e1stico vale lleno de escaladores. Por cierto \u00e9s un lugar donde volver\u00e9, donde escalar\u00e9 m\u00e1s, fotografiar\u00e9 m\u00e1s. &nbsp;<\/p>\n","protected":false},"author":2,"featured_media":18363,"comment_status":"closed","ping_status":"closed","sticky":false,"template":"","format":"standard","meta":[],"categories":[1838,1839,1840],"tags":[1841,1842,1843,1844,1845,1846,1847,1848,1849],"acf":[],"_links":{"self":[{"href":"https:\/\/schiettifotografia.com\/es\/wp-json\/wp\/v2\/posts\/18384"}],"collection":[{"href":"https:\/\/schiettifotografia.com\/es\/wp-json\/wp\/v2\/posts"}],"about":[{"href":"https:\/\/schiettifotografia.com\/es\/wp-json\/wp\/v2\/types\/post"}],"author":[{"embeddable":true,"href":"https:\/\/schiettifotografia.com\/es\/wp-json\/wp\/v2\/users\/2"}],"replies":[{"embeddable":true,"href":"https:\/\/schiettifotografia.com\/es\/wp-json\/wp\/v2\/comments?post=18384"}],"version-history":[{"count":2,"href":"https:\/\/schiettifotografia.com\/es\/wp-json\/wp\/v2\/posts\/18384\/revisions"}],"predecessor-version":[{"id":18388,"href":"https:\/\/schiettifotografia.com\/es\/wp-json\/wp\/v2\/posts\/18384\/revisions\/18388"}],"wp:featuredmedia":[{"embeddable":true,"href":"https:\/\/schiettifotografia.com\/es\/wp-json\/wp\/v2\/media\/18363"}],"wp:attachment":[{"href":"https:\/\/schiettifotografia.com\/es\/wp-json\/wp\/v2\/media?parent=18384"}],"wp:term":[{"taxonomy":"category","embeddable":true,"href":"https:\/\/schiettifotografia.com\/es\/wp-json\/wp\/v2\/categories?post=18384"},{"taxonomy":"post_tag","embeddable":true,"href":"https:\/\/schiettifotografia.com\/es\/wp-json\/wp\/v2\/tags?post=18384"}],"curies":[{"name":"wp","href":"https:\/\/api.w.org\/{rel}","templated":true}]}}