{"id":11180,"date":"2013-10-03T01:04:32","date_gmt":"2013-10-03T04:04:32","guid":{"rendered":"http:\/\/77.104.162.234\/~schietti\/site\/calefacao\/guarani-resiste-2\/"},"modified":"2013-10-03T01:04:32","modified_gmt":"2013-10-03T04:04:32","slug":"guarani-resiste","status":"publish","type":"post","link":"https:\/\/schiettifotografia.com\/es\/calefacao\/guarani-resiste\/","title":{"rendered":"Guarani resiste"},"content":{"rendered":"<p>dia 2 de outubro. S\u00e3o Paulo<\/p>\n<p><a href=\"http:\/\/77.104.162.234\/~schietti\/site\/wp-content\/uploads\/2013\/10\/IMG_1538.jpg\" target=\"_blank\"><img loading=\"lazy\" alt=\"IMG_1538\" src=\"http:\/\/77.104.162.234\/~schietti\/site\/wp-content\/uploads\/2013\/10\/IMG_1538.jpg\" width=\"1280\" height=\"853\" \/><\/a><\/p>\n<p>Um canto diferente ecoa pela Avenida Paulista.<\/p>\n<p><a href=\"http:\/\/77.104.162.234\/~schietti\/site\/wp-content\/uploads\/2013\/10\/IMG_1484.jpg\" target=\"_blank\"><img loading=\"lazy\" alt=\"IMG_1484\" src=\"http:\/\/77.104.162.234\/~schietti\/site\/wp-content\/uploads\/2013\/10\/IMG_1484.jpg\" width=\"1280\" height=\"853\" \/><\/a><a href=\"http:\/\/77.104.162.234\/~schietti\/site\/wp-content\/uploads\/2013\/10\/IMG_1382.jpg\" target=\"_blank\"><img loading=\"lazy\" class=\"alignnone size-full wp-image-4399\" alt=\"IMG_1382\" src=\"http:\/\/77.104.162.234\/~schietti\/site\/wp-content\/uploads\/2013\/10\/IMG_1382.jpg\" width=\"1280\" height=\"853\" srcset=\"https:\/\/schiettifotografia.com\/site\/wp-content\/uploads\/2013\/10\/IMG_1382.jpg 1280w, https:\/\/schiettifotografia.com\/site\/wp-content\/uploads\/2013\/10\/IMG_1382-1200x800.jpg 1200w\" sizes=\"(max-width: 1280px) 100vw, 1280px\" \/><\/a> <a href=\"http:\/\/77.104.162.234\/~schietti\/site\/wp-content\/uploads\/2013\/10\/IMG_1385.jpg\" target=\"_blank\"><img loading=\"lazy\" class=\"alignnone size-full wp-image-4400\" alt=\"IMG_1385\" src=\"http:\/\/77.104.162.234\/~schietti\/site\/wp-content\/uploads\/2013\/10\/IMG_1385.jpg\" width=\"1280\" height=\"853\" srcset=\"https:\/\/schiettifotografia.com\/site\/wp-content\/uploads\/2013\/10\/IMG_1385.jpg 1280w, https:\/\/schiettifotografia.com\/site\/wp-content\/uploads\/2013\/10\/IMG_1385-1200x800.jpg 1200w\" sizes=\"(max-width: 1280px) 100vw, 1280px\" \/><\/a> \u00a0<a href=\"http:\/\/77.104.162.234\/~schietti\/site\/wp-content\/uploads\/2013\/10\/IMG_1422.jpg\" target=\"_blank\">\u00a0 \u00a0<\/a><a href=\"http:\/\/77.104.162.234\/~schietti\/site\/wp-content\/uploads\/2013\/10\/IMG_1422.jpg\" target=\"_blank\">\u00c9 a voz do povo da mata, que insiste em existir.<\/a><\/p>\n<p><a href=\"http:\/\/77.104.162.234\/~schietti\/site\/wp-content\/uploads\/2013\/10\/IMG_1457.jpg\" target=\"_blank\"><img loading=\"lazy\" class=\"alignnone size-full wp-image-4404\" alt=\"IMG_1457\" src=\"http:\/\/77.104.162.234\/~schietti\/site\/wp-content\/uploads\/2013\/10\/IMG_1457.jpg\" width=\"1280\" height=\"853\" srcset=\"https:\/\/schiettifotografia.com\/site\/wp-content\/uploads\/2013\/10\/IMG_1457.jpg 1280w, https:\/\/schiettifotografia.com\/site\/wp-content\/uploads\/2013\/10\/IMG_1457-1200x800.jpg 1200w\" sizes=\"(max-width: 1280px) 100vw, 1280px\" \/><\/a>Resiste, povo Guarani,<\/p>\n<p><a href=\"http:\/\/77.104.162.234\/~schietti\/site\/wp-content\/uploads\/2013\/10\/IMG_1475.jpg\" target=\"_blank\"><img loading=\"lazy\" alt=\"IMG_1475\" src=\"http:\/\/77.104.162.234\/~schietti\/site\/wp-content\/uploads\/2013\/10\/IMG_1475.jpg\" width=\"1280\" height=\"853\" \/><\/a>povo Xavante, Patax\u00f3 e Tupinamb\u00e1.<\/p>\n<p><a href=\"http:\/\/77.104.162.234\/~schietti\/site\/wp-content\/uploads\/2013\/10\/IMG_1501.jpg\" target=\"_blank\"><img loading=\"lazy\" alt=\"IMG_1501\" src=\"http:\/\/77.104.162.234\/~schietti\/site\/wp-content\/uploads\/2013\/10\/IMG_1501.jpg\" width=\"1280\" height=\"853\" \/><\/a>Caminha descal\u00e7o sobre a pedra pintada,<\/p>\n<p><a href=\"http:\/\/77.104.162.234\/~schietti\/site\/wp-content\/uploads\/2013\/10\/IMG_1488.jpg\" target=\"_blank\"><img loading=\"lazy\" alt=\"IMG_1488\" src=\"http:\/\/77.104.162.234\/~schietti\/site\/wp-content\/uploads\/2013\/10\/IMG_1488.jpg\" width=\"1280\" height=\"853\" \/><\/a>Marcha sobre terra que um dia j\u00e1 te pertenceu.<\/p>\n<p><a href=\"http:\/\/77.104.162.234\/~schietti\/site\/wp-content\/uploads\/2013\/10\/IMG_1422.jpg\" target=\"_blank\"><img loading=\"lazy\" alt=\"IMG_1422\" src=\"http:\/\/77.104.162.234\/~schietti\/site\/wp-content\/uploads\/2013\/10\/IMG_1422.jpg\" width=\"1280\" height=\"853\" \/><\/a><\/p>\n<p><a href=\"http:\/\/77.104.162.234\/~schietti\/site\/wp-content\/uploads\/2013\/10\/IMG_1428.jpg\" target=\"_blank\"><img loading=\"lazy\" alt=\"IMG_1428\" src=\"http:\/\/77.104.162.234\/~schietti\/site\/wp-content\/uploads\/2013\/10\/IMG_1428.jpg\" width=\"1280\" height=\"853\" \/><\/a>Empenha-te, que teu grito jamais ser\u00e1 calado.<\/p>\n<p><a href=\"http:\/\/77.104.162.234\/~schietti\/site\/wp-content\/uploads\/2013\/10\/IMG_1564.jpg\" target=\"_blank\"><img loading=\"lazy\" alt=\"IMG_1564\" src=\"http:\/\/77.104.162.234\/~schietti\/site\/wp-content\/uploads\/2013\/10\/IMG_1564.jpg\" width=\"853\" height=\"1280\" \/><\/a>Adiante, pois a justi\u00e7a que proclamas n\u00e3o o aguarda,<\/p>\n<p><a href=\"http:\/\/77.104.162.234\/~schietti\/site\/wp-content\/uploads\/2013\/10\/IMG_1472.jpg\" target=\"_blank\"><img loading=\"lazy\" alt=\"IMG_1472\" src=\"http:\/\/77.104.162.234\/~schietti\/site\/wp-content\/uploads\/2013\/10\/IMG_1472.jpg\" width=\"1280\" height=\"853\" \/><\/a>mas \u00e9 tua por natureza, n\u00e3o tardar\u00e1.<\/p>\n<p><a href=\"http:\/\/77.104.162.234\/~schietti\/site\/wp-content\/uploads\/2013\/10\/IMG_1499.jpg\" target=\"_blank\"><img loading=\"lazy\" alt=\"IMG_1499\" src=\"http:\/\/77.104.162.234\/~schietti\/site\/wp-content\/uploads\/2013\/10\/IMG_1499.jpg\" width=\"1280\" height=\"853\" \/><\/a><\/p>\n","protected":false},"excerpt":{"rendered":"<p>dia 2 de outubro. S\u00e3o Paulo Um canto diferente ecoa pela Avenida Paulista. \u00a0\u00a0 \u00a0\u00c9 a voz do povo da mata, que insiste em existir. Resiste, povo Guarani, povo Xavante, Patax\u00f3 e Tupinamb\u00e1. Caminha descal\u00e7o sobre a pedra pintada, Marcha sobre terra que um dia j\u00e1 te pertenceu. Empenha-te, que teu grito jamais ser\u00e1 calado. [&hellip;]<\/p>\n","protected":false},"author":2,"featured_media":4406,"comment_status":"open","ping_status":"open","sticky":false,"template":"","format":"standard","meta":[],"categories":[888,964,901],"tags":[1065,1066,1064,1070,1067,1069,1063,1068],"acf":[],"_links":{"self":[{"href":"https:\/\/schiettifotografia.com\/es\/wp-json\/wp\/v2\/posts\/11180"}],"collection":[{"href":"https:\/\/schiettifotografia.com\/es\/wp-json\/wp\/v2\/posts"}],"about":[{"href":"https:\/\/schiettifotografia.com\/es\/wp-json\/wp\/v2\/types\/post"}],"author":[{"embeddable":true,"href":"https:\/\/schiettifotografia.com\/es\/wp-json\/wp\/v2\/users\/2"}],"replies":[{"embeddable":true,"href":"https:\/\/schiettifotografia.com\/es\/wp-json\/wp\/v2\/comments?post=11180"}],"version-history":[{"count":0,"href":"https:\/\/schiettifotografia.com\/es\/wp-json\/wp\/v2\/posts\/11180\/revisions"}],"wp:featuredmedia":[{"embeddable":true,"href":"https:\/\/schiettifotografia.com\/es\/wp-json\/wp\/v2\/media\/4406"}],"wp:attachment":[{"href":"https:\/\/schiettifotografia.com\/es\/wp-json\/wp\/v2\/media?parent=11180"}],"wp:term":[{"taxonomy":"category","embeddable":true,"href":"https:\/\/schiettifotografia.com\/es\/wp-json\/wp\/v2\/categories?post=11180"},{"taxonomy":"post_tag","embeddable":true,"href":"https:\/\/schiettifotografia.com\/es\/wp-json\/wp\/v2\/tags?post=11180"}],"curies":[{"name":"wp","href":"https:\/\/api.w.org\/{rel}","templated":true}]}}