{"id":11179,"date":"2013-10-14T10:00:40","date_gmt":"2013-10-14T13:00:40","guid":{"rendered":"http:\/\/77.104.162.234\/~schietti\/site\/calefacao\/entre-a-serra-e-a-memoria-2\/"},"modified":"2013-10-14T10:00:40","modified_gmt":"2013-10-14T13:00:40","slug":"entre-a-serra-e-a-memoria","status":"publish","type":"post","link":"https:\/\/schiettifotografia.com\/es\/calefacao\/entre-a-serra-e-a-memoria\/","title":{"rendered":"entre a Serra e a Mem\u00f3ria"},"content":{"rendered":"<p><a href=\"http:\/\/77.104.162.234\/~schietti\/site\/wp-content\/uploads\/2013\/10\/IMG_1768.jpg\" target=\"_blank\"><img loading=\"lazy\" alt=\"IMG_1768\" src=\"http:\/\/77.104.162.234\/~schietti\/site\/wp-content\/uploads\/2013\/10\/IMG_1768.jpg\" width=\"1280\" height=\"853\" \/><\/a><\/p>\n<p>o Passado \u00e9 um velho caminho delineado<\/p>\n<p><a href=\"http:\/\/77.104.162.234\/~schietti\/site\/wp-content\/uploads\/2013\/10\/IMG_1625.jpg\" target=\"_blank\"><img loading=\"lazy\" class=\"alignnone size-full wp-image-4428\" alt=\"IMG_1625\" src=\"http:\/\/77.104.162.234\/~schietti\/site\/wp-content\/uploads\/2013\/10\/IMG_1625.jpg\" width=\"1280\" height=\"853\" srcset=\"https:\/\/schiettifotografia.com\/site\/wp-content\/uploads\/2013\/10\/IMG_1625.jpg 1280w, https:\/\/schiettifotografia.com\/site\/wp-content\/uploads\/2013\/10\/IMG_1625-1200x800.jpg 1200w\" sizes=\"(max-width: 1280px) 100vw, 1280px\" \/><\/a><\/p>\n<p>sobre o qual saltamos de mem\u00f3ria em mem\u00f3ria,<\/p>\n<p><a href=\"http:\/\/77.104.162.234\/~schietti\/site\/wp-content\/uploads\/2013\/10\/IMG_1640.jpg\" target=\"_blank\"><img loading=\"lazy\" class=\"alignnone size-full wp-image-4429\" alt=\"IMG_1640\" src=\"http:\/\/77.104.162.234\/~schietti\/site\/wp-content\/uploads\/2013\/10\/IMG_1640.jpg\" width=\"853\" height=\"1280\" \/><\/a><\/p>\n<p>mas cujas paisagens mudam a cada nova visita.<\/p>\n<p><a href=\"http:\/\/77.104.162.234\/~schietti\/site\/wp-content\/uploads\/2013\/10\/IMG_1687.jpg\" target=\"_blank\"><img loading=\"lazy\" class=\"alignnone size-full wp-image-4430\" alt=\"IMG_1687\" src=\"http:\/\/77.104.162.234\/~schietti\/site\/wp-content\/uploads\/2013\/10\/IMG_1687.jpg\" width=\"853\" height=\"1280\" \/><\/a><\/p>\n<p>o Presente rasga-se sobre a lembran\u00e7a ainda viva.<\/p>\n<p><a href=\"http:\/\/77.104.162.234\/~schietti\/site\/wp-content\/uploads\/2013\/10\/IMG_1692.jpg\" target=\"_blank\"><img loading=\"lazy\" class=\"alignnone size-full wp-image-4431\" alt=\"IMG_1692\" src=\"http:\/\/77.104.162.234\/~schietti\/site\/wp-content\/uploads\/2013\/10\/IMG_1692.jpg\" width=\"853\" height=\"1280\" \/><\/a><\/p>\n<p>desfaz-se em diminutas partes, as mais valiosas.<\/p>\n<p><a href=\"http:\/\/77.104.162.234\/~schietti\/site\/wp-content\/uploads\/2013\/10\/IMG_1790.jpg\" target=\"_blank\"><img loading=\"lazy\" alt=\"IMG_1790\" src=\"http:\/\/77.104.162.234\/~schietti\/site\/wp-content\/uploads\/2013\/10\/IMG_1790.jpg\" width=\"1280\" height=\"853\" \/><\/a><\/p>\n<p>o Tempo quer alcan\u00e7ar seu pr\u00f3prio fim, e deste alimentar-se;<\/p>\n<p><a href=\"http:\/\/77.104.162.234\/~schietti\/site\/wp-content\/uploads\/2013\/10\/IMG_1766.jpg\" target=\"_blank\"><img loading=\"lazy\" class=\"alignnone size-full wp-image-4433\" alt=\"IMG_1766\" src=\"http:\/\/77.104.162.234\/~schietti\/site\/wp-content\/uploads\/2013\/10\/IMG_1766.jpg\" width=\"853\" height=\"1280\" \/><\/a><\/p>\n<p>quer construir desvios, inventar um novo passado.<\/p>\n<p><a href=\"http:\/\/77.104.162.234\/~schietti\/site\/wp-content\/uploads\/2013\/10\/IMG_1727.jpg\" target=\"_blank\"><img loading=\"lazy\" alt=\"IMG_1727\" src=\"http:\/\/77.104.162.234\/~schietti\/site\/wp-content\/uploads\/2013\/10\/IMG_1727.jpg\" width=\"1280\" height=\"853\" \/><\/a><\/p>\n<p>e o Futuro, deste nada sabemos&#8230; a n\u00e3o ser que agiganta-se.<\/p>\n<p>&nbsp;<\/p>\n","protected":false},"excerpt":{"rendered":"<p>o Passado \u00e9 um velho caminho delineado sobre o qual saltamos de mem\u00f3ria em mem\u00f3ria, mas cujas paisagens mudam a cada nova visita. o Presente rasga-se sobre a lembran\u00e7a ainda viva. desfaz-se em diminutas partes, as mais valiosas. o Tempo quer alcan\u00e7ar seu pr\u00f3prio fim, e deste alimentar-se; quer construir desvios, inventar um novo passado. [&hellip;]<\/p>\n","protected":false},"author":2,"featured_media":4432,"comment_status":"open","ping_status":"open","sticky":false,"template":"","format":"standard","meta":[],"categories":[2072,1908,2071,1839,1840,1800],"tags":[1047,1060,1031,1514,1053,1062,1057,1052,1056,1061,1054,1055,1058,1059,1519],"acf":[],"_links":{"self":[{"href":"https:\/\/schiettifotografia.com\/es\/wp-json\/wp\/v2\/posts\/11179"}],"collection":[{"href":"https:\/\/schiettifotografia.com\/es\/wp-json\/wp\/v2\/posts"}],"about":[{"href":"https:\/\/schiettifotografia.com\/es\/wp-json\/wp\/v2\/types\/post"}],"author":[{"embeddable":true,"href":"https:\/\/schiettifotografia.com\/es\/wp-json\/wp\/v2\/users\/2"}],"replies":[{"embeddable":true,"href":"https:\/\/schiettifotografia.com\/es\/wp-json\/wp\/v2\/comments?post=11179"}],"version-history":[{"count":0,"href":"https:\/\/schiettifotografia.com\/es\/wp-json\/wp\/v2\/posts\/11179\/revisions"}],"wp:featuredmedia":[{"embeddable":true,"href":"https:\/\/schiettifotografia.com\/es\/wp-json\/wp\/v2\/media\/4432"}],"wp:attachment":[{"href":"https:\/\/schiettifotografia.com\/es\/wp-json\/wp\/v2\/media?parent=11179"}],"wp:term":[{"taxonomy":"category","embeddable":true,"href":"https:\/\/schiettifotografia.com\/es\/wp-json\/wp\/v2\/categories?post=11179"},{"taxonomy":"post_tag","embeddable":true,"href":"https:\/\/schiettifotografia.com\/es\/wp-json\/wp\/v2\/tags?post=11179"}],"curies":[{"name":"wp","href":"https:\/\/api.w.org\/{rel}","templated":true}]}}