{"id":11177,"date":"2013-11-03T19:24:22","date_gmt":"2013-11-03T22:24:22","guid":{"rendered":"http:\/\/77.104.162.234\/~schietti\/site\/calefacao\/formas-pensamento-2\/"},"modified":"2013-11-03T19:24:22","modified_gmt":"2013-11-03T22:24:22","slug":"formas-pensamento","status":"publish","type":"post","link":"https:\/\/schiettifotografia.com\/es\/calefacao\/formas-pensamento\/","title":{"rendered":"Formas Pensamento"},"content":{"rendered":"<p>Um escudo para a ess\u00eancia a ser protegida, \u00a0\u00a0<a href=\"http:\/\/77.104.162.234\/~schietti\/site\/wp-content\/uploads\/2013\/10\/25_MG_9515.jpg\" target=\"_blank\"><img loading=\"lazy\" class=\"alignnone size-full wp-image-4511\" alt=\"#25_MG_9515\" src=\"http:\/\/77.104.162.234\/~schietti\/site\/wp-content\/uploads\/2013\/10\/25_MG_9515.jpg\" width=\"1200\" height=\"800\" \/><\/a><\/p>\n<p>ou os iguais que se atraem, e juntos ascendem.<\/p>\n<p><a href=\"http:\/\/77.104.162.234\/~schietti\/site\/wp-content\/uploads\/2013\/10\/28_MG_9220-as-Smart-Object-1.jpg\" target=\"_blank\"><img loading=\"lazy\" class=\"alignnone size-full wp-image-4512\" alt=\"#28_MG_9220 as Smart Object-1\" src=\"http:\/\/77.104.162.234\/~schietti\/site\/wp-content\/uploads\/2013\/10\/28_MG_9220-as-Smart-Object-1.jpg\" width=\"1200\" height=\"800\" \/><\/a><\/p>\n<p>Maya, que ressurge hipnotizando-nos em sonhos l\u00facidos,<\/p>\n<p><a href=\"http:\/\/77.104.162.234\/~schietti\/site\/wp-content\/uploads\/2013\/10\/31_IMG_0561.jpg\" target=\"_blank\"><img loading=\"lazy\" class=\"alignnone size-full wp-image-4514\" alt=\"#31_IMG_0561\" src=\"http:\/\/77.104.162.234\/~schietti\/site\/wp-content\/uploads\/2013\/10\/31_IMG_0561.jpg\" width=\"1200\" height=\"800\" \/><\/a><\/p>\n<p>e o dissolvimento do ego em um processo meditativo&#8230;<\/p>\n<p><a href=\"http:\/\/77.104.162.234\/~schietti\/site\/wp-content\/uploads\/2013\/10\/35_N0000004-as-Smart-Object-1.jpg\" target=\"_blank\"><img loading=\"lazy\" class=\"alignnone size-full wp-image-4515\" alt=\"#35_N0000004 as Smart Object-1\" src=\"http:\/\/77.104.162.234\/~schietti\/site\/wp-content\/uploads\/2013\/10\/35_N0000004-as-Smart-Object-1.jpg\" width=\"1200\" height=\"800\" \/><\/a><\/p>\n<p><a href=\"http:\/\/77.104.162.234\/~schietti\/site\/wp-content\/uploads\/2013\/10\/44_OA6A5999.jpg\" target=\"_blank\"><img loading=\"lazy\" class=\"alignnone size-full wp-image-4516\" alt=\"#44_OA6A5999\" src=\"http:\/\/77.104.162.234\/~schietti\/site\/wp-content\/uploads\/2013\/10\/44_OA6A5999.jpg\" width=\"1200\" height=\"800\" srcset=\"https:\/\/schiettifotografia.com\/site\/wp-content\/uploads\/2013\/10\/44_OA6A5999.jpg 1200w, https:\/\/schiettifotografia.com\/site\/wp-content\/uploads\/2013\/10\/44_OA6A5999-1024x683.jpg 1024w, https:\/\/schiettifotografia.com\/site\/wp-content\/uploads\/2013\/10\/44_OA6A5999-300x200.jpg 300w\" sizes=\"(max-width: 1200px) 100vw, 1200px\" \/><\/a><\/p>\n<p><a href=\"http:\/\/77.104.162.234\/~schietti\/site\/wp-content\/uploads\/2013\/10\/46-OA6A3754.jpg\" target=\"_blank\"><img loading=\"lazy\" class=\"alignnone size-full wp-image-4517\" alt=\"#46-OA6A3754\" src=\"http:\/\/77.104.162.234\/~schietti\/site\/wp-content\/uploads\/2013\/10\/46-OA6A3754.jpg\" width=\"800\" height=\"1200\" \/><\/a><\/p>\n<p><a href=\"http:\/\/77.104.162.234\/~schietti\/site\/wp-content\/uploads\/2013\/10\/3_MG_0546.jpg\" target=\"_blank\"><img loading=\"lazy\" class=\"alignnone size-full wp-image-4519\" alt=\"#3_MG_0546\" src=\"http:\/\/77.104.162.234\/~schietti\/site\/wp-content\/uploads\/2013\/10\/3_MG_0546.jpg\" width=\"1200\" height=\"800\" \/><\/a><\/p>\n<p><a href=\"http:\/\/77.104.162.234\/~schietti\/site\/wp-content\/uploads\/2013\/10\/20_IMG_1015-as-Smart-Object-1.jpg\" target=\"_blank\"><img loading=\"lazy\" class=\"alignnone size-full wp-image-4520\" alt=\"#20_IMG_1015 as Smart Object-1\" src=\"http:\/\/77.104.162.234\/~schietti\/site\/wp-content\/uploads\/2013\/10\/20_IMG_1015-as-Smart-Object-1.jpg\" width=\"1200\" height=\"800\" \/><\/a>\u00a0 \u00a0\u00a0\u00a0<a href=\"http:\/\/77.104.162.234\/~schietti\/site\/wp-content\/uploads\/2013\/10\/40_MG_9426-2.jpg\" target=\"_blank\"><img loading=\"lazy\" class=\"alignnone size-full wp-image-4525\" alt=\"#40_MG_9426-2\" src=\"http:\/\/77.104.162.234\/~schietti\/site\/wp-content\/uploads\/2013\/10\/40_MG_9426-2.jpg\" width=\"1200\" height=\"800\" srcset=\"https:\/\/schiettifotografia.com\/site\/wp-content\/uploads\/2013\/10\/40_MG_9426-2.jpg 1200w, https:\/\/schiettifotografia.com\/site\/wp-content\/uploads\/2013\/10\/40_MG_9426-2-300x200.jpg 300w\" sizes=\"(max-width: 1200px) 100vw, 1200px\" \/><\/a> \u00a0\u00a0<a href=\"http:\/\/77.104.162.234\/~schietti\/site\/wp-content\/uploads\/2013\/10\/33_IMG_0383-2.jpg\" target=\"_blank\"><img loading=\"lazy\" class=\"alignnone size-full wp-image-4528\" alt=\"#33_IMG_0383-2\" src=\"http:\/\/77.104.162.234\/~schietti\/site\/wp-content\/uploads\/2013\/10\/33_IMG_0383-2.jpg\" width=\"1200\" height=\"800\" srcset=\"https:\/\/schiettifotografia.com\/site\/wp-content\/uploads\/2013\/10\/33_IMG_0383-2.jpg 1200w, https:\/\/schiettifotografia.com\/site\/wp-content\/uploads\/2013\/10\/33_IMG_0383-2-300x200.jpg 300w\" sizes=\"(max-width: 1200px) 100vw, 1200px\" \/><\/a> \u00a0\u00a0<a href=\"http:\/\/77.104.162.234\/~schietti\/site\/wp-content\/uploads\/2013\/10\/43_OA6A6114-NOVA.jpg\" target=\"_blank\"><img loading=\"lazy\" class=\"alignnone size-full wp-image-4531\" alt=\"#43_OA6A6114-NOVA\" src=\"http:\/\/77.104.162.234\/~schietti\/site\/wp-content\/uploads\/2013\/10\/43_OA6A6114-NOVA.jpg\" width=\"800\" height=\"1200\" srcset=\"https:\/\/schiettifotografia.com\/site\/wp-content\/uploads\/2013\/10\/43_OA6A6114-NOVA.jpg 800w, https:\/\/schiettifotografia.com\/site\/wp-content\/uploads\/2013\/10\/43_OA6A6114-NOVA-200x300.jpg 200w\" sizes=\"(max-width: 800px) 100vw, 800px\" \/><\/a><\/p>\n<p>O pensamento em formas, cores e brilhos.<\/p>\n<p>S\u00e3o essas algumas das obras expostas no Espa\u00e7o Chat\u00f4 at\u00e9 o dia 8, pr\u00f3xima sexta-feira. A visita\u00e7\u00e3o \u00e9 de 10h \u00e0s 18h, e exepcionalmente nesta sexta-feira, estarei presente na galeria das 18h \u00e0s 20h30. Fica o convite aberto a todos. D\u00favidas sobre como chegar ou outras quest\u00f5es: vitor@schiettifotografia.com<\/p>\n","protected":false},"excerpt":{"rendered":"<p>Um escudo para a ess\u00eancia a ser protegida, \u00a0\u00a0 ou os iguais que se atraem, e juntos ascendem. Maya, que ressurge hipnotizando-nos em sonhos l\u00facidos, e o dissolvimento do ego em um processo meditativo&#8230; \u00a0 \u00a0\u00a0\u00a0 \u00a0\u00a0 \u00a0\u00a0 O pensamento em formas, cores e brilhos. S\u00e3o essas algumas das obras expostas no Espa\u00e7o Chat\u00f4 at\u00e9 [&hellip;]<\/p>\n","protected":false},"author":2,"featured_media":4516,"comment_status":"open","ping_status":"open","sticky":false,"template":"","format":"standard","meta":[],"categories":[900,885,884],"tags":[1016,1041,1017,1018,1516,1019,1042,1020,1045,1044,1043,1515,1046,1022,1519,1520],"acf":[],"_links":{"self":[{"href":"https:\/\/schiettifotografia.com\/es\/wp-json\/wp\/v2\/posts\/11177"}],"collection":[{"href":"https:\/\/schiettifotografia.com\/es\/wp-json\/wp\/v2\/posts"}],"about":[{"href":"https:\/\/schiettifotografia.com\/es\/wp-json\/wp\/v2\/types\/post"}],"author":[{"embeddable":true,"href":"https:\/\/schiettifotografia.com\/es\/wp-json\/wp\/v2\/users\/2"}],"replies":[{"embeddable":true,"href":"https:\/\/schiettifotografia.com\/es\/wp-json\/wp\/v2\/comments?post=11177"}],"version-history":[{"count":0,"href":"https:\/\/schiettifotografia.com\/es\/wp-json\/wp\/v2\/posts\/11177\/revisions"}],"wp:featuredmedia":[{"embeddable":true,"href":"https:\/\/schiettifotografia.com\/es\/wp-json\/wp\/v2\/media\/4516"}],"wp:attachment":[{"href":"https:\/\/schiettifotografia.com\/es\/wp-json\/wp\/v2\/media?parent=11177"}],"wp:term":[{"taxonomy":"category","embeddable":true,"href":"https:\/\/schiettifotografia.com\/es\/wp-json\/wp\/v2\/categories?post=11177"},{"taxonomy":"post_tag","embeddable":true,"href":"https:\/\/schiettifotografia.com\/es\/wp-json\/wp\/v2\/tags?post=11177"}],"curies":[{"name":"wp","href":"https:\/\/api.w.org\/{rel}","templated":true}]}}